{"id":1810,"date":"2026-03-10T20:40:48","date_gmt":"2026-03-11T01:40:48","guid":{"rendered":"https:\/\/mundosonoro.org\/?p=1810"},"modified":"2026-04-07T16:47:48","modified_gmt":"2026-04-07T21:47:48","slug":"noche-de-los-museos-y-aniversario-mat-con-radio-monka","status":"publish","type":"post","link":"https:\/\/mundosonoro.org\/?p=1810","title":{"rendered":"Noche de los Museos y\u00a0 Aniversario MAT con Radio Monka"},"content":{"rendered":"\n<figure class=\"wp-block-image size-large\"><img loading=\"lazy\" decoding=\"async\" width=\"1024\" height=\"591\" src=\"https:\/\/mundosonoro.org\/wp-content\/uploads\/2026\/03\/monka1-1024x591.png\" alt=\"\" class=\"wp-image-1811\" srcset=\"https:\/\/mundosonoro.org\/wp-content\/uploads\/2026\/03\/monka1-1024x591.png 1024w, https:\/\/mundosonoro.org\/wp-content\/uploads\/2026\/03\/monka1-300x173.png 300w, https:\/\/mundosonoro.org\/wp-content\/uploads\/2026\/03\/monka1-768x443.png 768w, https:\/\/mundosonoro.org\/wp-content\/uploads\/2026\/03\/monka1-18x10.png 18w, https:\/\/mundosonoro.org\/wp-content\/uploads\/2026\/03\/monka1.png 1493w\" sizes=\"auto, (max-width: 1024px) 100vw, 1024px\" \/><\/figure>\n\n\n\n<p> El 2025 marc\u00f3 un cierre de a\u00f1o destacado, con la participaci\u00f3n de Casa Museo Mundo Sonoro en la celebraci\u00f3n del Aniversario del Museo de Arte del Tolima MAT, junto a la Sala de Exposiciones de la Biblioteca Dar\u00edo Echand\u00eda y el Pan\u00f3ptico de Ibagu\u00e9, con el evento la <em>Noche de los Museos<\/em>. El evento, realizado de manera interinstitucional el pasado 19 de diciembre de 2025, cont\u00f3 de manera exclusiva con la transmisi\u00f3n en directo de Radio Monka, emisora local independiente, que di\u00f3 cubrimiento completo con entrevistas a visitantes y gestores de los miembros de la Red Departamental de Museos del Tolima.&nbsp;Esta importante iniciativa, no solo conmemora la trayectoria del MAT como instituci\u00f3n cultural fundamental en la regi\u00f3n, sino que tambi\u00e9n fortalece los lazos entre los museos que integran la Red de Museos del Tolima. Para la Casa Museo Mundo Sonoro, el MAT ha sido un aliado esencial en nuestro proceso de consolidaci\u00f3n, presencia y proyecci\u00f3n en la ciudad de Ibagu\u00e9. Su labor permanente en la promoci\u00f3n del arte y la cultura ha contribuido significativamente al desarrollo de espacios que buscan enriquecer la vida cultural de la comunidad.<\/p>\n\n\n\n<p>Entre los asistentes a esta celebraci\u00f3n, se destacaron personas del \u00e1mbito cultural y acad\u00e9mico como la maestra ceramista Mina Vargas, la joven productora musical Lilian Garz\u00f3n, los integrantes del grupo Cantatierra Mar\u00eda Arteaga y Nubia Mafla y su director Humberto Galindo. Asi mismo la asistencia del arquitecto Andr\u00e9s Francel, con quienes se vivi\u00f3 una experiencia plena que qued\u00f3 plasmada en las entrevistas conducidas acertadamente por el comunicador Jes\u00fas Moncaleano, director de Radio Monka. Los invitamos a ver la nota especial realizada por el arquitecto Andr\u00e9s Francel,<\/p>\n\n\n\n<p>&nbsp;<a href=\"https:\/\/www.instagram.com\/reel\/DSfZgZMALc1\/?igsh=aWg4dTFjdmllYXh1\">https:\/\/www.instagram.com\/reel\/DSfZgZMALc1\/?igsh=aWg4dTFjdmllYXh1<\/a><br><\/p>\n\n\n\n<p><\/p>\n","protected":false},"excerpt":{"rendered":"<p>El 2025 marc\u00f3 un cierre de a\u00f1o destacado, con la participaci\u00f3n de Casa Museo Mundo Sonoro en la celebraci\u00f3n del Aniversario del Museo de Arte del Tolima MAT, junto a&hellip;<\/p>\n","protected":false},"author":1,"featured_media":0,"comment_status":"closed","ping_status":"closed","sticky":false,"template":"","format":"standard","meta":{"footnotes":""},"categories":[5,4,11],"tags":[],"class_list":["post-1810","post","type-post","status-publish","format-standard","hentry","category-articulos","category-noticias","category-novedades"],"_links":{"self":[{"href":"https:\/\/mundosonoro.org\/index.php?rest_route=\/wp\/v2\/posts\/1810","targetHints":{"allow":["GET"]}}],"collection":[{"href":"https:\/\/mundosonoro.org\/index.php?rest_route=\/wp\/v2\/posts"}],"about":[{"href":"https:\/\/mundosonoro.org\/index.php?rest_route=\/wp\/v2\/types\/post"}],"author":[{"embeddable":true,"href":"https:\/\/mundosonoro.org\/index.php?rest_route=\/wp\/v2\/users\/1"}],"replies":[{"embeddable":true,"href":"https:\/\/mundosonoro.org\/index.php?rest_route=%2Fwp%2Fv2%2Fcomments&post=1810"}],"version-history":[{"count":3,"href":"https:\/\/mundosonoro.org\/index.php?rest_route=\/wp\/v2\/posts\/1810\/revisions"}],"predecessor-version":[{"id":1823,"href":"https:\/\/mundosonoro.org\/index.php?rest_route=\/wp\/v2\/posts\/1810\/revisions\/1823"}],"wp:attachment":[{"href":"https:\/\/mundosonoro.org\/index.php?rest_route=%2Fwp%2Fv2%2Fmedia&parent=1810"}],"wp:term":[{"taxonomy":"category","embeddable":true,"href":"https:\/\/mundosonoro.org\/index.php?rest_route=%2Fwp%2Fv2%2Fcategories&post=1810"},{"taxonomy":"post_tag","embeddable":true,"href":"https:\/\/mundosonoro.org\/index.php?rest_route=%2Fwp%2Fv2%2Ftags&post=1810"}],"curies":[{"name":"wp","href":"https:\/\/api.w.org\/{rel}","templated":true}]}}